{"id":1105,"date":"2018-09-15T17:22:15","date_gmt":"2018-09-15T20:22:15","guid":{"rendered":"http:\/\/www.terapiasdeavanzada.org\/web\/?p=1105"},"modified":"2018-09-05T17:34:54","modified_gmt":"2018-09-05T20:34:54","slug":"emdr-en-la-practica-clinica","status":"publish","type":"post","link":"https:\/\/www.terapiasdeavanzada.org\/web\/emdr-en-la-practica-clinica\/","title":{"rendered":"EMDR EN LA PRACTICA CL\u00cdNICA"},"content":{"rendered":"<p style=\"text-align: right;\"><strong><span style=\"font-family: helvetica, arial, sans-serif;\">Dra. Raquel Ferrazzano de Solvey<\/span><\/strong><\/p>\n<h3><span lang=\"ES\" style=\"font-family: helvetica, arial, sans-serif;\">JAQUECA<\/span><\/h3>\n<p><span style=\"font-family: helvetica, arial, sans-serif;\">\u00a0\u00a0\u00a0\u00a0\u00a0\u00a0\u00a0\u00a0\u00a0 Mujer de 48 a\u00f1os, profesional, consulta por jaquecas cr\u00f3nicas desde los 27 a\u00f1os de edad. Antecedentes familiares: madre jaquecosa. Empezaron cuando ya ten\u00eda 3 hijos. Ahora tiene 6 hijos. Las jaquecas presentan aura de sue\u00f1o, pesadez de cabeza, y son desencadenadas por disgustos, estr\u00e9s, exceso de trabajo, humo de cigarrillo (era muy fumadora.<\/span><\/p>\n<p><span style=\"font-family: helvetica, arial, sans-serif;\">Dice: \u201cno puedo decir que no\u201d, \u201cel cuerpo me para con las jaquecas\u201d. Desde hace a\u00f1os \u201cvive\u201d literalmente con dolor de cabeza y usa y abusa de los analg\u00e9sicos.<\/span><\/p>\n<p><span style=\"font-family: helvetica, arial, sans-serif;\"><u>1era. Sesi\u00f3n:<\/u><\/span><\/p>\n<p><span style=\"font-family: helvetica, arial, sans-serif;\">Target: el aura<\/span><br \/>\n<span style=\"font-family: helvetica, arial, sans-serif;\">CN: \u201cMe odio, no puedo hacer nada!\u201d<\/span><br \/>\n<span style=\"font-family: helvetica, arial, sans-serif;\">Sentimiento: IMPOTENCIA<\/span><br \/>\n<span style=\"font-family: helvetica, arial, sans-serif;\">CP: Puedo respetar lo que mi cuerpo me pide.<\/span><br \/>\n<span style=\"font-family: helvetica, arial, sans-serif;\">Sensaci\u00f3n Corporal: Pesadez en los ojos, baja energ\u00eda.<\/span><br \/>\n<span style=\"font-family: helvetica, arial, sans-serif;\">Suds = 10<\/span><br \/>\n<span style=\"font-family: helvetica, arial, sans-serif;\">VoC = 4<\/span><\/p>\n<p><span style=\"font-family: helvetica, arial, sans-serif;\">\u00a0\u00a0\u00a0\u00a0\u00a0\u00a0\u00a0\u00a0\u00a0 Procesa muy r\u00e1pidamente su rigidez, su perfeccionismo, la regular relaci\u00f3n con su hija de 26 a\u00f1os, las dificultades de poner l\u00edmites a su hijo de 13 a\u00f1os. \u201cYo me enchufo\u201d \u201cNo lo puedo superar\u201d \u201cQuiero quedar bien con todos\u201d \u201cSoy demasiado sensible a todo\u201d \u201cMe mato trabajando\u201d. Sigue con el tema econ\u00f3mico (su marido est\u00e1 en estos \u00faltimos a\u00f1os pasando por dificultades y perdi\u00f3 una situaci\u00f3n econ\u00f3mica brillante) y sentimientos de culpa generalizados (no ecol\u00f3gico).<\/span><\/p>\n<p><span style=\"font-family: helvetica, arial, sans-serif;\"><u>2da. Sesi\u00f3n<\/u>: Sin jaquecas a partir de la 1era. Sesi\u00f3n, se desencaden\u00f3 una porque invitados fumaron mucho en su casa y no pudo pararlos. Trabajamos la dificultad de poner l\u00edmites.<\/span><\/p>\n<p><span style=\"font-family: helvetica, arial, sans-serif;\">DN: \u201cMe falta Autoridad\u201d<\/span><br \/>\n<span style=\"font-family: helvetica, arial, sans-serif;\">Suds: 5<\/span><\/p>\n<p><span style=\"font-family: helvetica, arial, sans-serif;\">\u00a0\u00a0\u00a0\u00a0\u00a0\u00a0\u00a0\u00a0\u00a0 Se trabaja con la T\u00e9cnica de Integraci\u00f3n Hemisf\u00e9rica. Aparecen im\u00e1genes de desvalimiento relacionadas con la imposibilidad de ponerse firme.<\/span><br \/>\n<span style=\"font-family: helvetica, arial, sans-serif;\">Suds: 2<\/span><\/p>\n<p><span style=\"font-family: helvetica, arial, sans-serif;\"><u>3era. Sesi\u00f3n<\/u>: Sin jaquecas esa semana \u2013 (2da. semana de alivio) \u2013 Sentimientos de ruina \u2013 Trabajo con T\u00e9cnica de Un Ojo x Vez.<\/span><br \/>\n<span style=\"font-family: helvetica, arial, sans-serif;\">Suds = 8 en ambos ojos.<\/span><\/p>\n<p><span style=\"font-family: helvetica, arial, sans-serif;\">\u00a0\u00a0\u00a0\u00a0\u00a0\u00a0\u00a0\u00a0\u00a0 En un ojo sentimientos de ruina y muerte y e el otro recuerdos de cuando te taparon un ojo por estrabismo y p\u00e9rdida de visi\u00f3n a los 6 a\u00f1os y se llevaba las paredes por delante porque no ve\u00eda nada.<\/span><\/p>\n<p><span style=\"font-family: helvetica, arial, sans-serif;\">Sentimiento: de desvalimiento.<\/span><br \/>\n<span style=\"font-family: helvetica, arial, sans-serif;\">Suds = 10 en ambos ojos.<\/span><br \/>\n<span style=\"font-family: helvetica, arial, sans-serif;\">Procesamos con EMDR:<\/span><br \/>\n<span style=\"font-family: helvetica, arial, sans-serif;\">CN: \u201cNo puedo\u201d<\/span><br \/>\n<span style=\"font-family: helvetica, arial, sans-serif;\">\u00a0\u00a0\u00a0\u00a0\u00a0\u00a0 \u201cNo tengo derecho\u201d<\/span><br \/>\n<span style=\"font-family: helvetica, arial, sans-serif;\">CP: \u201cYo valgo\u201d<\/span><br \/>\n<span style=\"font-family: helvetica, arial, sans-serif;\">Voc = 2<\/span><br \/>\n<span style=\"font-family: helvetica, arial, sans-serif;\">Escena: en la facultad cuando cre\u00eda que no iba a poder recibirse.<\/span><br \/>\n<span style=\"font-family: helvetica, arial, sans-serif;\">Sentimientos: Impotencia.<\/span><br \/>\n<span style=\"font-family: helvetica, arial, sans-serif;\">Sensaci\u00f3n Corporal: Debilidad en el cuerpo.<\/span><br \/>\n<span style=\"font-family: helvetica, arial, sans-serif;\">Suds = 10<\/span><br \/>\n<span style=\"font-family: helvetica, arial, sans-serif;\">Procesa y baja:<\/span><br \/>\n<span style=\"font-family: helvetica, arial, sans-serif;\">Suds = 1<\/span><br \/>\n<span style=\"font-family: helvetica, arial, sans-serif;\">Voc = 6<\/span><br \/>\n<span style=\"font-family: helvetica, arial, sans-serif;\">Instalamos la CP<\/span><\/p>\n<p><span style=\"font-family: helvetica, arial, sans-serif;\">\u00a0\u00a0\u00a0\u00a0\u00a0\u00a0\u00a0\u00a0\u00a0 A la siguiente sesi\u00f3n lleva 3 semanas sin dolores ni aura \u2013 No tom\u00f3 m\u00e1s analg\u00e9sicos.<\/span><\/p>\n<p>&nbsp;<\/p>\n<h3><span style=\"font-family: helvetica, arial, sans-serif; font-size: 14pt;\"><strong>ZUMBIDO DE\u00a0<\/strong><b>O\u00cdDOS<\/b><\/span><\/h3>\n<p><span style=\"font-family: helvetica, arial, sans-serif;\">\u00a0\u00a0\u00a0\u00a0\u00a0\u00a0\u00a0\u00a0\u00a0 Un hombre de 68 a\u00f1os fue derivado (agosto\u201995) por el otorrinolaring\u00f3logo padeciendo un tinnitus por otosclerosis coclear, que comenz\u00f3 en el a\u00f1o 1980 con hipoacusia s\u00fabita del o\u00eddo derecho. Con el tiempo hubo una lenta mejor\u00eda de la hipoacusia \u2013 En el a\u00f1o 1994 fue operado de pr\u00f3stata y padeci\u00f3 una infecci\u00f3n testicular subsiguiente a la operaci\u00f3n y debieron extirparte un test\u00edculo. Se lo medic\u00f3 con antibi\u00f3ticos. All\u00ed empeor\u00f3 su hipoacusia y apareci\u00f3 una parestesia permanente en el lado derecho de la cara, con una gran intolerancia emocional al zumbido del o\u00eddo.<\/span><\/p>\n<p><span style=\"font-family: helvetica, arial, sans-serif;\">CN: \u201c\u00a1no puedo m\u00e1s!\u201d \u2013 \u201c\u00a1no vale la pena vivir as\u00ed!\u201d<\/span><br \/>\n<span style=\"font-family: helvetica, arial, sans-serif;\">Emoci\u00f3n: Ira<\/span><br \/>\n<span style=\"font-family: helvetica, arial, sans-serif;\">Sensaci\u00f3n Corporal: zumbido en el o\u00eddo.<\/span><br \/>\n<span style=\"font-family: helvetica, arial, sans-serif;\">Suds = 8<\/span><br \/>\n<span style=\"font-family: helvetica, arial, sans-serif;\">CP: \u201c\u00a1Vale la pena vivir!\u201d<\/span><br \/>\n<span style=\"font-family: helvetica, arial, sans-serif;\">VoC\u00a0 = 3.<\/span><\/p>\n<p><span style=\"font-family: helvetica, arial, sans-serif;\">\u00a0\u00a0\u00a0\u00a0\u00a0\u00a0\u00a0\u00a0\u00a0 Comienza a procesar con movimientos oculares y hand tapping apareciendo una situaci\u00f3n matrimonial conflictiva, unos dos meses despu\u00e9s de su operaci\u00f3n de pr\u00f3stata (octubre 1994) su mujer recibe una cuantiosa herencia (diciembre 1994) que les permite dejar de trabajar y vivir de rentas.<\/span><\/p>\n<p><span style=\"font-family: helvetica, arial, sans-serif;\">\u00a0\u00a0\u00a0\u00a0\u00a0\u00a0\u00a0\u00a0\u00a0 Poco despu\u00e9s hace la orquitis post-operatoria donde le es extirpado un test\u00edculo. La CN sobre esto (la herencia) es: \u201cSoy un boludo! Un mantenido!\u201d (Suds = 10) Se procesa esta situaci\u00f3n y aparece su conflicto con su rol masculino y de cabeza de familia, pues es la familia de ella la que maneja el dinero.<\/span><\/p>\n<p><span style=\"font-family: helvetica, arial, sans-serif;\">Despu\u00e9s de esto aparece:<\/span><br \/>\n<span style=\"font-family: helvetica, arial, sans-serif;\">CN: \u201cToda mi vida es un fracaso\u201d<\/span><br \/>\n<span style=\"font-family: helvetica, arial, sans-serif;\">Suds = 8<\/span><br \/>\n<span style=\"font-family: helvetica, arial, sans-serif;\">Luego de procesadas estas creencias, a lo largo de 3 sesiones, llegamos a:<\/span><br \/>\n<span style=\"font-family: helvetica, arial, sans-serif;\">Suds = 1<\/span><br \/>\n<span style=\"font-family: helvetica, arial, sans-serif;\">VoC = 7<\/span><\/p>\n<p><span style=\"font-family: helvetica, arial, sans-serif;\">\u00a0\u00a0\u00a0\u00a0\u00a0\u00a0\u00a0\u00a0\u00a0 En la 2da. hora de trabajo desaparecieron las parestesias de la cara y el paciente al final del tratamiento (3era. hora)\u00a0 expres\u00f3: \u201c\u00a1Estoy 10 puntos!\u201d.<\/span><\/p>\n<p><span style=\"font-family: helvetica, arial, sans-serif;\">\u00a0\u00a0\u00a0\u00a0\u00a0\u00a0\u00a0\u00a0\u00a0 Los zumbidos del o\u00eddo contin\u00faan debido a que es una lesi\u00f3n org\u00e1nica pero el cliente dice \u201cno darles m\u00e1s importancia de la que tienen\u201d. A los tres meses de seguimiento contin\u00faa muy bien y a los 6 a\u00f1os de seguimiento sigue sin molestias.<\/span><\/p>\n<p>&nbsp;<\/p>\n<h3><span lang=\"ES\" style=\"font-family: helvetica, arial, sans-serif;\">COLON IRRITABLE<\/span><\/h3>\n<p><span style=\"font-family: helvetica, arial, sans-serif;\">\u00a0\u00a0\u00a0\u00a0\u00a0\u00a0\u00a0\u00a0\u00a0 Un joven de 19 a\u00f1os consulta por un colon irritable diagnosticado hace 1 a\u00f1o. Padece de nauseas, diarrea ocasional y dolores de est\u00f3mago con c\u00f3licos. Se encuentra en el \u00faltimo a\u00f1o del colegio secundario y por comenzar el curso de ingreso a Medicina. Sus episodios comenzaron luego de una infecci\u00f3n intestinal al final del pen\u00faltimo a\u00f1o de su\u00a0Escolaridad. Los episodios de dolor y diarrea se producen ante situaciones de cambio \u00f3 emocionales relacionados con su despedida del colegio e ingreso a la Universidad.<\/span><\/p>\n<p><span style=\"font-family: helvetica, arial, sans-serif;\">CN: \u201cNo lo puedo asimilar\u201d (ser universitario)<\/span><br \/>\n<span style=\"font-family: helvetica, arial, sans-serif;\">Suds = 10<\/span><br \/>\n<span style=\"font-family: helvetica, arial, sans-serif;\">CP: \u201cPuedo enfrentarlo\u201d<\/span><br \/>\n<span style=\"font-family: helvetica, arial, sans-serif;\">VoC = 2<\/span><br \/>\n<span style=\"font-family: helvetica, arial, sans-serif;\">Se procesa en 1 hora de trabajo esta situaci\u00f3n de cambio y crecimiento en su vida y al finalizar:<\/span><br \/>\n<span style=\"font-family: helvetica, arial, sans-serif;\">Suds = 1<\/span><br \/>\n<span style=\"font-family: helvetica, arial, sans-serif;\">VoC = 7<\/span><\/p>\n<p><span style=\"font-family: helvetica, arial, sans-serif;\">A la siguiente hora trabajamos la despedida de su adolescencia:<\/span><br \/>\n<span style=\"font-family: helvetica, arial, sans-serif;\">CN: \u201c\u00a1Son todas p\u00e9rdidas!\u201d<\/span><br \/>\n<span style=\"font-family: helvetica, arial, sans-serif;\">Suds = 9<\/span><br \/>\n<span style=\"font-family: helvetica, arial, sans-serif;\">CP: \u201cse abre una nueva etapa en mi vida\u201d<\/span><br \/>\n<span style=\"font-family: helvetica, arial, sans-serif;\">VoC = 2<\/span><br \/>\n<span style=\"font-family: helvetica, arial, sans-serif;\">Luego se procesa esta situaci\u00f3n, y queda en:<\/span><br \/>\n<span style=\"font-family: helvetica, arial, sans-serif;\">Suds = 1<\/span><br \/>\n<span style=\"font-family: helvetica, arial, sans-serif;\">VoC = 7<\/span><\/p>\n<p><span style=\"font-family: helvetica, arial, sans-serif;\">\u00a0\u00a0\u00a0\u00a0\u00a0\u00a0\u00a0\u00a0\u00a0 En un seguimiento al mes, el joven se presenta asintom\u00e1tico y muy entusiasmado con su futuro. En la actualidad est\u00e1 por recibirse de m\u00e9dico.<\/span><\/p>\n<p>&nbsp;<\/p>\n","protected":false},"excerpt":{"rendered":"<p>Dra. Raquel Ferrazzano de Solvey JAQUECA \u00a0\u00a0\u00a0\u00a0\u00a0\u00a0\u00a0\u00a0\u00a0 Mujer de 48 a\u00f1os, profesional, consulta por jaquecas cr\u00f3nicas desde los 27 a\u00f1os de edad. Antecedentes familiares: madre jaquecosa. Empezaron cuando ya ten\u00eda 3 hijos. Ahora tiene 6 hijos. Las jaquecas presentan aura de sue\u00f1o, pesadez de cabeza, y son desencadenadas por disgustos, estr\u00e9s, exceso de trabajo, humo &hellip;<\/p>\n<p class=\"read-more\"> <a class=\"\" href=\"https:\/\/www.terapiasdeavanzada.org\/web\/emdr-en-la-practica-clinica\/\"> <span class=\"screen-reader-text\">EMDR EN LA PRACTICA CL\u00cdNICA<\/span> Leer m\u00e1s &raquo;<\/a><\/p>\n","protected":false},"author":4,"featured_media":0,"comment_status":"open","ping_status":"open","sticky":false,"template":"","format":"standard","meta":{"site-sidebar-layout":"default","site-content-layout":"default","ast-global-header-display":"","ast-banner-title-visibility":"","ast-main-header-display":"","ast-hfb-above-header-display":"","ast-hfb-below-header-display":"","ast-hfb-mobile-header-display":"","site-post-title":"","ast-breadcrumbs-content":"","ast-featured-img":"","footer-sml-layout":"","theme-transparent-header-meta":"","adv-header-id-meta":"","stick-header-meta":"","header-above-stick-meta":"","header-main-stick-meta":"","header-below-stick-meta":""},"categories":[265,39,272],"tags":[],"_links":{"self":[{"href":"https:\/\/www.terapiasdeavanzada.org\/web\/wp-json\/wp\/v2\/posts\/1105"}],"collection":[{"href":"https:\/\/www.terapiasdeavanzada.org\/web\/wp-json\/wp\/v2\/posts"}],"about":[{"href":"https:\/\/www.terapiasdeavanzada.org\/web\/wp-json\/wp\/v2\/types\/post"}],"author":[{"embeddable":true,"href":"https:\/\/www.terapiasdeavanzada.org\/web\/wp-json\/wp\/v2\/users\/4"}],"replies":[{"embeddable":true,"href":"https:\/\/www.terapiasdeavanzada.org\/web\/wp-json\/wp\/v2\/comments?post=1105"}],"version-history":[{"count":1,"href":"https:\/\/www.terapiasdeavanzada.org\/web\/wp-json\/wp\/v2\/posts\/1105\/revisions"}],"predecessor-version":[{"id":1106,"href":"https:\/\/www.terapiasdeavanzada.org\/web\/wp-json\/wp\/v2\/posts\/1105\/revisions\/1106"}],"wp:attachment":[{"href":"https:\/\/www.terapiasdeavanzada.org\/web\/wp-json\/wp\/v2\/media?parent=1105"}],"wp:term":[{"taxonomy":"category","embeddable":true,"href":"https:\/\/www.terapiasdeavanzada.org\/web\/wp-json\/wp\/v2\/categories?post=1105"},{"taxonomy":"post_tag","embeddable":true,"href":"https:\/\/www.terapiasdeavanzada.org\/web\/wp-json\/wp\/v2\/tags?post=1105"}],"curies":[{"name":"wp","href":"https:\/\/api.w.org\/{rel}","templated":true}]}}