{"id":1429,"date":"2019-12-19T16:48:37","date_gmt":"2019-12-19T19:48:37","guid":{"rendered":"http:\/\/www.terapiasdeavanzada.org\/web\/?p=1429"},"modified":"2019-12-19T16:48:37","modified_gmt":"2019-12-19T19:48:37","slug":"trabajando-con-suenos","status":"publish","type":"post","link":"https:\/\/www.terapiasdeavanzada.org\/web\/trabajando-con-suenos\/","title":{"rendered":"TRABAJANDO CON SUE\u00d1OS"},"content":{"rendered":"<p style=\"text-align: center;\"><span style=\"font-family: helvetica, arial, sans-serif; font-size: 12pt;\"><strong>Sue\u00f1os de TEPT en el curso de tratamientos<\/strong><\/span><\/p>\n<p style=\"text-align: right;\"><span style=\"font-family: helvetica, arial, sans-serif; font-size: 12pt;\"><strong>Dra. Raquel\u00a0 C. Ferrazzano de Solvey<\/strong><\/span><\/p>\n<p>&nbsp;<\/p>\n<p><span style=\"font-family: helvetica, arial, sans-serif; font-size: 10pt;\"><strong>Sue\u00f1os como procesamiento de situaciones traum\u00e1ticas (Finales del procesamiento)<\/strong><\/span><\/p>\n<p><img decoding=\"async\" loading=\"lazy\" class=\"alignnone  wp-image-1430\" src=\"http:\/\/www.terapiasdeavanzada.org\/web\/wp-content\/uploads\/2019\/12\/Sin-t\u00edtulo.png\" alt=\"\" width=\"374\" height=\"66\" srcset=\"https:\/\/www.terapiasdeavanzada.org\/web\/wp-content\/uploads\/2019\/12\/Sin-t\u00edtulo.png 419w, https:\/\/www.terapiasdeavanzada.org\/web\/wp-content\/uploads\/2019\/12\/Sin-t\u00edtulo-300x53.png 300w, https:\/\/www.terapiasdeavanzada.org\/web\/wp-content\/uploads\/2019\/12\/Sin-t\u00edtulo-280x49.png 280w, https:\/\/www.terapiasdeavanzada.org\/web\/wp-content\/uploads\/2019\/12\/Sin-t\u00edtulo-150x26.png 150w\" sizes=\"(max-width: 374px) 100vw, 374px\" \/><br \/>\n<span style=\"font-family: helvetica, arial, sans-serif;\"><span style=\"font-size: 10pt;\"><strong><u>C<\/u><\/strong>: Consultan su padre y su madrastra por ella. Me eligieron a m\u00ed como terapeuta porque yo hab\u00eda atendido a su mam\u00e1, que falleci\u00f3 hace 3 a\u00f1os y medio (en septiembre de 1995). La atend\u00ed (a su mam\u00e1) cerca de 2 a\u00f1os por un c\u00e1ncer &#8211;<\/span> <strong>C<\/strong> ten\u00eda 12-13 a\u00f1os cuando falleci\u00f3 la mam\u00e1.<br \/>\n<\/span><span style=\"font-family: helvetica, arial, sans-serif; font-size: 10pt;\">Es la 3ra. de 4 hermanos, el mayor hijo var\u00f3n de un primer matrimonio de la madre, un var\u00f3n 3 a\u00f1os mayor que ella y una nenita de ahora 6-7 a\u00f1os (var\u00f3n\/var\u00f3n\/mujer (<strong>C<\/strong>&#8211; era la \u00fanica en edad de cuidar a sus hermanos)\/mujer).<br \/>\n<\/span><span style=\"font-family: helvetica, arial, sans-serif; font-size: 10pt;\">Problema actual: bajo rendimiento este a\u00f1o en el colegio &#8211; \u00aba\u00f1o dif\u00edcil\u00bb &#8211; abrumada por las actividades \u00abme hago responsable por millones de cosas\u00bb. Relaci\u00f3n de sometimiento con una amiga de la infancia. \u00abSoy responsable de la felicidad de <strong>E<\/strong>.\u00bb \u00abTengo miedo de sus reacciones\u00bb \u00abNo le puedo decir que no\u00bb \u00abNo me la puedo sacar de encima\u00bb Preocupada por un chico \/por el tema de su mam\u00e1.<br \/>\nNo muy buena relaci\u00f3n con 2da. esposa del padre &#8211; (Este se casa un a\u00f1o despu\u00e9s de la muerte de su primera esposa &#8211; Actualmente tiene un beb\u00e9 de aproximadamente 1 \u00bd a\u00f1os que <strong>C<\/strong> acepta muy bien).<br \/>\nDepende mucho del afecto de los dem\u00e1s y del efecto que sus actos pueden tener.<br \/>\nNecesita constantes expresiones de apoyo.<\/span><br \/>\n<span style=\"font-family: helvetica, arial, sans-serif; font-size: 10pt;\">Le choc\u00f3 que el padre se haya casado tan r\u00e1pido \u00abquiero ser m\u00e1s libre\u00bb- \u00abquiero que todos est\u00e9n en paz\u00bb<\/span><br \/>\n<span style=\"font-family: helvetica, arial, sans-serif; font-size: 10pt;\">Algo obesa &#8211; come por ansiedad.<\/span><br \/>\n<span style=\"font-family: helvetica, arial, sans-serif; font-size: 10pt;\">Buena relaci\u00f3n con el sexo opuesto (sin problemas)<\/span><\/p>\n<p><span style=\"font-family: helvetica, arial, sans-serif; font-size: 10pt;\">Trabajamos un total de 6 sesiones:<\/span><br \/>\n<span style=\"font-family: helvetica, arial, sans-serif; font-size: 10pt;\">Su necesidad de \u00abser libre\u00bb (obvia referencia a su amiga)<\/span><\/p>\n<p><span style=\"font-family: helvetica, arial, sans-serif; font-size: 10pt;\">En el medio del tratamiento fallece su abuelo materno &#8211; se procesa esto y ah\u00ed aparece la muerte de la madre &#8211; pero tangencialmente.<br \/>\n<\/span><span style=\"font-family: helvetica, arial, sans-serif; font-size: 10pt;\">\u21d2La relaci\u00f3n con su amiga espec\u00edficamente &#8211; se procesa muy bien y puede \u201cdespegarse de ella\u201d<br \/>\n<\/span><span style=\"font-family: helvetica, arial, sans-serif; font-size: 10pt;\">\u21d2Sue\u00f1os repetitivos de los \u00faltimos a\u00f1os (ver historia cl\u00ednica)<\/span><\/p>\n<p><span style=\"font-family: helvetica, arial, sans-serif; font-size: 10pt;\"><strong><u>&#8211; Sue\u00f1o &#8211;<\/u><\/strong> (pen\u00faltima sesi\u00f3n)<\/span><\/p>\n<p><span style=\"font-size: 10pt; font-family: helvetica, arial, sans-serif;\">\u00abEl auto de pap\u00e1 se maneja solo, avanza solo &#8211; yo lo tengo que manejar, (como de urgencia) dirigirlo\u00a0 <\/span><br \/>\n<span style=\"font-size: 10pt; font-family: helvetica, arial, sans-serif;\">-Estoy preocupada porque no s\u00e9 manejar- Pero lo hago igual &#8211; Las \u00faltimas veces termin\u00e9 chocando\u00bb.<\/span><\/p>\n<p><span style=\"font-family: helvetica, arial, sans-serif;\"><span style=\"font-size: 10pt;\"><u>No encuentra <strong>NC<\/strong> No hay emoci\u00f3n (?) &#8211; Sud = no tom\u00e9<\/u> &#8211; lo pasa cm los ojos cerrados y hand\u00ad tapping 2 veces (sigo con<\/span> <strong>M.O<\/strong>.)<\/span><\/p>\n<p><span style=\"font-family: helvetica, arial, sans-serif; font-size: 10pt;\">\u21d2La responsabilidad<\/span><br \/>\n<span style=\"font-family: helvetica, arial, sans-serif; font-size: 10pt;\">\u21d2Se van todos los adultos &#8211; (fallecimiento de la madre-casamiento del padre) abandonada<\/span><br \/>\n<span style=\"font-family: helvetica, arial, sans-serif; font-size: 10pt;\">\u21d2Yo al cuidado de mis hermanos<\/span><br \/>\n<span style=\"font-family: helvetica, arial, sans-serif; font-size: 10pt;\">\u21d2Tal vez pensar porqu\u00e9 se fueron<\/span><br \/>\n<span style=\"font-family: helvetica, arial, sans-serif; font-size: 10pt;\">\u21d2Porqu\u00e9 yo con todo?<\/span><br \/>\n<span style=\"font-family: helvetica, arial, sans-serif; font-size: 10pt;\">\u21d2No encuentro explicaci\u00f3n<\/span><br \/>\n<span style=\"font-family: helvetica, arial, sans-serif; font-size: 10pt;\">\u21d2Tristeza \/ Tristeza por .tener que explicarle a mi hermana (4 a\u00f1os entonces) que pas\u00f3 &#8211; yo entend\u00ed m\u00e1s.<\/span><br \/>\n<span style=\"font-family: helvetica, arial, sans-serif; font-size: 10pt;\">\u21d2Peor &#8211; adem\u00e1s de lo que sienta ella<\/span><br \/>\n<span style=\"font-family: helvetica, arial, sans-serif; font-size: 10pt;\">\u21d2Bueno, m\u00e1s o menos se arregla todo despu\u00e9s.<\/span><br \/>\n<span style=\"font-family: helvetica, arial, sans-serif; font-size: 10pt;\">\u21d2Algo que yo creo en cualquier situaci\u00f3n, que si hiciste algo bueno se recompensa, y si no hiciste nada malo se arregla.<\/span><br \/>\n<span style=\"font-family: helvetica, arial, sans-serif; font-size: 10pt;\">\u21d2Tal vez sea distinto, como sigamos<\/span><br \/>\n<span style=\"font-family: helvetica, arial, sans-serif; font-size: 10pt;\">\u21d2Igual est\u00e1 todo bien ahora (FIN DEL CANAL)<\/span><\/p>\n<p><span style=\"font-family: helvetica, arial, sans-serif; font-size: 10pt;\"><strong><u>PASAR OTRA VEZ EL SUE\u00d1O <\/u><\/strong><\/span><\/p>\n<p><span style=\"font-family: helvetica, arial, sans-serif; font-size: 10pt;\">Abre otro canal<br \/>\n<\/span><span style=\"font-family: helvetica, arial, sans-serif; font-size: 10pt;\">\u21d2Muerte de mam\u00e1<br \/>\n<\/span><span style=\"font-family: helvetica, arial, sans-serif; font-size: 10pt;\">\u21d2Recuerdo eso &#8211; me sent\u00ed un poco responsable de Micky- sent\u00eda eso &#8211; Ahora yo la m\u00e1s grande y mujer.<br \/>\n\u21d2<\/span><span style=\"font-family: helvetica, arial, sans-serif; font-size: 10pt;\">Yo sent\u00eda que ten\u00eda que transmitirle el legado de mi mam\u00e1 &#8211; soy la \u00fanica que puede hacerlo<br \/>\n\u21d2<\/span><span style=\"font-family: helvetica, arial, sans-serif; font-size: 10pt;\">M\u00e1s cuando pap\u00e1 se cas\u00f3 &#8211; iba a haber otra persona (supuesta 2da. Esposa) que le iba a transmitir lo suyo &#8211; es un conflicto.<br \/>\n\u21d2<\/span><span style=\"font-family: helvetica, arial, sans-serif; font-size: 10pt;\">Adem\u00e1s yo pensaba que mi pap\u00e1 iba a quedarse con mil cosas de c\u00f3mo \u00e9l era, pero que una nueva vida iba a cambiar un mont\u00f3n. Iba a perder un pap\u00e1 &#8211; yo se lo dije y despu\u00e9s \u00e9l lo reconoci\u00f3.<\/span><\/p>\n<p><strong><u><span style=\"font-family: helvetica, arial, sans-serif; font-size: 10pt;\">Desaf\u00edo Cognitivo<br \/>\n<\/span><br \/>\n<\/u><\/strong><img decoding=\"async\" loading=\"lazy\" class=\"alignnone  wp-image-1432\" src=\"http:\/\/www.terapiasdeavanzada.org\/web\/wp-content\/uploads\/2019\/12\/Sin-t\u00edtulo2-1.png\" alt=\"\" width=\"486\" height=\"60\" srcset=\"https:\/\/www.terapiasdeavanzada.org\/web\/wp-content\/uploads\/2019\/12\/Sin-t\u00edtulo2-1.png 599w, https:\/\/www.terapiasdeavanzada.org\/web\/wp-content\/uploads\/2019\/12\/Sin-t\u00edtulo2-1-300x37.png 300w, https:\/\/www.terapiasdeavanzada.org\/web\/wp-content\/uploads\/2019\/12\/Sin-t\u00edtulo2-1-280x35.png 280w, https:\/\/www.terapiasdeavanzada.org\/web\/wp-content\/uploads\/2019\/12\/Sin-t\u00edtulo2-1-150x19.png 150w, https:\/\/www.terapiasdeavanzada.org\/web\/wp-content\/uploads\/2019\/12\/Sin-t\u00edtulo2-1-500x62.png 500w\" sizes=\"(max-width: 486px) 100vw, 486px\" \/><\/p>\n<p><span style=\"font-family: helvetica, arial, sans-serif; font-size: 10pt;\"><strong><u>NOT<\/u><\/strong><strong>A<\/strong>: el padre siempre se ocup\u00f3 mucho de ellos durante le enfermedad de la esposa\u00a0 y despu\u00e9s. Est\u00e1 muy al tanto de todo lo que les pasa a los hijos.<\/span><\/p>\n<p><span style=\"font-family: helvetica, arial, sans-serif; font-size: 10pt;\">\u21d2Cuando le dije lo de cambiar se lo dije en el momento justo, ni antes ni despu\u00e9s<br \/>\n<\/span><span style=\"font-family: helvetica, arial, sans-serif; font-size: 10pt;\">\u21d2No era yo sola la que cre\u00eda la responsabilidad de ense\u00f1arle a mi hermana, tambi\u00e9n la empleada, (como de la familia) me dec\u00eda que yo tambi\u00e9n podr\u00eda ense\u00f1arle a Micky &#8211; que responsabilidad! Pero mejor, fue as\u00ed solo con estar con ella. (esto quiere decir acompa\u00f1arla a crecer)<br \/>\n<\/span><span style=\"font-family: helvetica, arial, sans-serif; font-size: 10pt;\">\u21d2Yo tambi\u00e9n mal con eso, no solo por la p\u00e9rdida sino porque yo quer\u00eda pasarle todo lo vivido con mam\u00e1 y recordado por m\u00ed &#8211; Su recuerdo \u00ad<\/span><\/p>\n<p><span style=\"font-family: helvetica, arial, sans-serif; font-size: 10pt;\"><strong><u>NOTA<\/u><\/strong>: la madre siempre me dec\u00eda que, lo que la aterraba era que despu\u00e9s de su muerte su hija menor no iba a recordarla a ella &#8211; (como le traspas\u00f3 esta tarea de mantener vivo su recuerdo a <strong>C<\/strong>)<br \/>\n<\/span><span style=\"font-size: 10pt; font-family: helvetica, arial, sans-serif;\">\u21d2Si yo pienso que tan poco tiempo la tuve a mi mam\u00e1! Y mi hermana mucho menos. Era muy chiquita.<\/span><\/p>\n<p><span style=\"font-family: helvetica, arial, sans-serif;\"><strong><u>Desaf\u00edo Cognitivo:<\/u><\/strong><\/span><\/p>\n<p><img decoding=\"async\" loading=\"lazy\" class=\"alignnone  wp-image-1433\" src=\"http:\/\/www.terapiasdeavanzada.org\/web\/wp-content\/uploads\/2019\/12\/Sin-t\u00edtulo3.png\" alt=\"\" width=\"453\" height=\"56\" srcset=\"https:\/\/www.terapiasdeavanzada.org\/web\/wp-content\/uploads\/2019\/12\/Sin-t\u00edtulo3.png 599w, https:\/\/www.terapiasdeavanzada.org\/web\/wp-content\/uploads\/2019\/12\/Sin-t\u00edtulo3-300x37.png 300w, https:\/\/www.terapiasdeavanzada.org\/web\/wp-content\/uploads\/2019\/12\/Sin-t\u00edtulo3-280x35.png 280w, https:\/\/www.terapiasdeavanzada.org\/web\/wp-content\/uploads\/2019\/12\/Sin-t\u00edtulo3-150x19.png 150w, https:\/\/www.terapiasdeavanzada.org\/web\/wp-content\/uploads\/2019\/12\/Sin-t\u00edtulo3-500x62.png 500w\" sizes=\"(max-width: 453px) 100vw, 453px\" \/><\/p>\n<p><span style=\"font-family: helvetica, arial, sans-serif; font-size: 10pt;\">\u21d2Pero podr\u00e1n haber sido m\u00e1s<br \/>\n<\/span><span style=\"font-family: helvetica, arial, sans-serif; font-size: 10pt;\">\u21d2Hubiera sido mejor haberme enterado antes (de que iba a morir). Hubiera hecho m\u00e1s<br \/>\n<\/span><span style=\"font-family: helvetica, arial, sans-serif; font-size: 10pt;\">\u21d2Pero no hubiera sido mejor &#8211; Me enter\u00e9 que se iba a morir el d\u00eda de su muerte. Nunca me imagin\u00e9 que pod\u00eda morirse. No sab\u00eda bien que hab\u00eda sido (la causa de su muerte?). el otro d\u00eda me contaron, mi t\u00edo materno mejor no hubiera dicho. (mezcla pasado y presente)<br \/>\n<\/span><span style=\"font-family: helvetica, arial, sans-serif; font-size: 10pt;\">\u21d2Yo pregunt\u00e9 \u00bfva a volver? me dijeron s\u00ed (explicar circunstancias de la muerte) Pienso que la disfrut\u00e9 un mont\u00f3n -Tanto como se puede a esa edad.<br \/>\n<\/span><span style=\"font-family: helvetica, arial, sans-serif; font-size: 10pt;\">\u21d2Tambi\u00e9n lo que dar\u00eda por tenerla un d\u00eda.<br \/>\n<\/span><span style=\"font-family: helvetica, arial, sans-serif; font-size: 10pt;\">\u21d2Lo que yo le quiero decir, lo escucha? Mi t\u00edo dijo que s\u00ed &#8211; porque yo nunca hablo, pero pienso \u00adseg\u00fan lo que \u00e9l cre\u00eda no necesitaba hablarlo &#8211; yo no s\u00e9 &#8211; le voy a pedir una se\u00f1al que me escuche &#8211; Es lo que m\u00e1s quiero en el mundo.<br \/>\n<\/span><span style=\"font-family: helvetica, arial, sans-serif; font-size: 10pt;\">\u21d2Pero mi pap\u00e1 no me cree nada<\/span><br \/>\n<span style=\"font-family: helvetica, arial, sans-serif; font-size: 10pt;\">\u00a0 \u00a0Y yo no me lo puedo guardar<\/span><br \/>\n<span style=\"font-family: helvetica, arial, sans-serif; font-size: 10pt;\">\u00a0 \u00a0 Se lo dir\u00eda y tendr\u00eda miedo que no crea<\/span><\/p>\n<p><img decoding=\"async\" loading=\"lazy\" class=\"alignnone  wp-image-1434\" src=\"http:\/\/www.terapiasdeavanzada.org\/web\/wp-content\/uploads\/2019\/12\/Sin-t\u00edtulo4.png\" alt=\"\" width=\"494\" height=\"61\" srcset=\"https:\/\/www.terapiasdeavanzada.org\/web\/wp-content\/uploads\/2019\/12\/Sin-t\u00edtulo4.png 599w, https:\/\/www.terapiasdeavanzada.org\/web\/wp-content\/uploads\/2019\/12\/Sin-t\u00edtulo4-300x37.png 300w, https:\/\/www.terapiasdeavanzada.org\/web\/wp-content\/uploads\/2019\/12\/Sin-t\u00edtulo4-280x35.png 280w, https:\/\/www.terapiasdeavanzada.org\/web\/wp-content\/uploads\/2019\/12\/Sin-t\u00edtulo4-150x19.png 150w, https:\/\/www.terapiasdeavanzada.org\/web\/wp-content\/uploads\/2019\/12\/Sin-t\u00edtulo4-500x62.png 500w\" sizes=\"(max-width: 494px) 100vw, 494px\" \/><\/p>\n<p style=\"text-align: center;\"><strong>\u00a0 \u00a0 \u00a0 \u00a0 \u00a0 \u00a0 \u00a0 \u00a0 \u00a0 \u00a0 <span style=\"font-family: helvetica, arial, sans-serif; font-size: 10pt;\">NADA\u00a0\u00a0\u2192\u00a0 \u00a0NADA\u00a0\u00a0\u2192\u00a0 \u00a0-FIN CANAL-<\/span><br \/>\n<\/strong><\/p>\n<p><span style=\"font-family: helvetica, arial, sans-serif; font-size: 10pt;\"><strong><u>OTRA PASADA CON PARADA &#8211; OJOS ABlERTOS\u00a0<\/u><\/strong><\/span><strong><u><span style=\"font-family: helvetica, arial, sans-serif; font-size: 10pt;\">NADA MOLESTO<\/span><br \/>\n<\/u><\/strong><\/p>\n<p><span style=\"font-size: 10pt; font-family: helvetica, arial, sans-serif;\"><strong><u>Explicaci\u00f3n del sue\u00f1o<\/u><\/strong>: (entre las 2 lo fuimos haciendo)<\/span><\/p>\n<p><span style=\"font-size: 10pt; font-family: helvetica, arial, sans-serif;\">\u00abCreo que como me cuesta hablar del tema &#8211; so\u00f1ar esto es como poner las cosas al aire &#8211; Es bueno &#8211; me sirvi\u00f3 para darme cuenta que solo con estar con Micky es suficiente &#8211; No es <u>tanta<\/u> la responsabilidad\u00bb<\/span><\/p>\n<p><span style=\"font-size: 10pt; font-family: helvetica, arial, sans-serif;\"><u>Estoy tranquila que puedo transmitirlo suavemente<br \/>\n<\/u><\/span><span style=\"font-size: 10pt; font-family: helvetica, arial, sans-serif;\">[luego yo aprovech\u00e9 para contarle cosas de su mam\u00e1 &#8211; su relaci\u00f3n con su pap\u00e1 &#8211; hablamos de la necesidad del pap\u00e1 de tener alguien que lo ayude con 4 hijos chicos &#8211; de su actual esposa \u2013 etc.]<\/span><\/p>\n<p><span style=\"font-family: helvetica, arial, sans-serif; font-size: 10pt;\">El seguimiento a los 6 meses, habl\u00e9 con el padre &#8211; sigue bien \u2013 repunt\u00f3 en el colegio &#8211; termin\u00f3 bien el a\u00f1o.<\/span><\/p>\n<p><span style=\"font-family: helvetica, arial, sans-serif; font-size: 10pt;\"><strong><u>M.E.<\/u><\/strong><\/span><\/p>\n<p><span style=\"font-family: helvetica, arial, sans-serif; font-size: 10pt;\">1 &#8211; Hace 2 a\u00f1os asalto a mano armada en su casa (TEPT)<\/span><\/p>\n<p><span style=\"font-family: helvetica, arial, sans-serif; font-size: 10pt;\">2 &#8211; Miedo a volar desde chiquita (FOBIA)<\/p>\n<p><\/span><span style=\"font-family: helvetica, arial, sans-serif; font-size: 10pt;\">1 &#8211; Se trabajaron las escenas del asalto &#8211; 2-3 sesiones &#8211; Resoluci\u00f3n completa &#8211; Sin s\u00edntomas<\/span><\/p>\n<p><span style=\"font-family: helvetica, arial, sans-serif; font-size: 10pt;\">2 &#8211; Se trabaj\u00f3 FOBIA-AVION &#8211; durante este trabajo aparecen 2 sue\u00f1os<\/span><\/p>\n<p><span style=\"font-family: helvetica, arial, sans-serif; font-size: 10pt;\">\u00a0 \u00a0 \u00a0 \u00a0 \u00a0 \u00a0\u00abTen\u00edamos que ir en avi\u00f3n y yo no quer\u00eda subir &#8211; creo que sub\u00eda &#8211; Estaba mi mam\u00e1 conmigo en el aeropuerto y en el avi\u00f3n\u00bb<\/span><\/p>\n<p><span style=\"font-family: helvetica, arial, sans-serif; font-size: 10pt;\"><strong>NC = [SOY MUY MIEDOSA] &#8211; <u>Sud = 3<\/u><\/strong><\/span><\/p>\n<p><span style=\"font-size: 10pt; font-family: helvetica, arial, sans-serif;\">Pasar con ojos cerrados \u2013hand-tapping<\/span><\/p>\n<ul>\n<li><span style=\"font-size: 10pt; font-family: helvetica, arial, sans-serif;\">Aviso viajar &#8211; aeropuerto &#8211; no quer\u00eda subir pero sub\u00ed &#8211; avi\u00f3n carreteaba -no s\u00e9 s\u00ed despeg\u00f3<\/span><\/li>\n<li><span style=\"font-size: 10pt; font-family: helvetica, arial, sans-serif;\">Sentadas con mam\u00e1 en avi\u00f3n<\/span><\/li>\n<li><span style=\"font-size: 10pt; font-family: helvetica, arial, sans-serif;\">Me imagino cuando despega (mucho mejor)<\/span><\/li>\n<li><span style=\"font-size: 10pt; font-family: helvetica, arial, sans-serif;\">(otra vez) me acuerdo cuando en Aeropuerto despu\u00e9s de haber llegado a Italia esperando valijas estoy bien<\/span><\/li>\n<li><span style=\"font-size: 10pt; font-family: helvetica, arial, sans-serif;\">Me imagino, sentadas en el avi\u00f3n -hablaba &#8211; me re\u00eda (antes siempre con p\u00e1nico)<\/span><\/li>\n<li><span style=\"font-size: 10pt; font-family: helvetica, arial, sans-serif;\">Otra vez la misma escena &#8211; Sud = 1<\/span><\/li>\n<\/ul>\n<p><span style=\"font-family: helvetica, arial, sans-serif; font-size: 10pt;\"><u>Sud = 4 de \u00abSoy muy miedosa\u00bb<\/u><\/span><\/p>\n<p><span style=\"font-family: helvetica, arial, sans-serif; font-size: 10pt;\">Pedir recuerdos relacionados con la <strong>CN<\/strong><\/span><\/p>\n<p><span style=\"font-family: helvetica, arial, sans-serif; font-size: 10pt;\">\u00abLas noches que no pod\u00eda dormir porque miedo a los robos\u00bb Sud = 1\/Bronca<\/span><\/p>\n<ul>\n<li><span style=\"font-family: helvetica, arial, sans-serif; font-size: 10pt;\">Hace poco so\u00f1\u00e9 que nos entraban a robar<\/span><\/li>\n<li><span style=\"font-family: helvetica, arial, sans-serif; font-size: 10pt;\">No fue una pesadilla &#8211; fue cortito \u00abso\u00f1\u00e9 que era de noche cuando entraban pero no me levant\u00e9 con miedo\u00bb (antes s\u00ed)<\/span><\/li>\n<li><span style=\"font-family: helvetica, arial, sans-serif; font-size: 10pt;\">Ya no me molesta pensar en el robo; pero a\u00fan no me animo a quedarme sola<\/span><\/li>\n<\/ul>\n<p><span style=\"font-size: 10pt; font-family: helvetica, arial, sans-serif;\"><strong><u>NOTA<\/u><\/strong>: (Es un miedo adecuado a los 15 a\u00f1os quedarse sola en una casa, en un barrio, en estos tiempos? Yo no lo s\u00e9, creo que si)<\/span><\/p>\n<ul>\n<li><span style=\"font-size: 10pt; font-family: helvetica, arial, sans-serif;\">Ahora no me quedo ni un rato &#8211; antes s\u00ed<\/span><\/li>\n<li><span style=\"font-size: 10pt; font-family: helvetica, arial, sans-serif;\">Me quiero animar &#8211; Molesta a mi familia &#8211; Tienen que llegar antes mis hermanos del colegio Habr\u00e9 llegado 2 veces antes &#8211; y qued\u00e9 sola &#8211; llam\u00e9 r\u00e1pido a mam\u00e1 &#8211; ya estaba viniendo<\/span><\/li>\n<li><span style=\"font-size: 10pt; font-family: helvetica, arial, sans-serif;\">Otra vez encontr\u00e9 un se\u00f1or de Prosegur en la pueda porque la alarma estaba sonando &#8211; Revis\u00f3 la casa y luego yo me qued\u00e9 sola &#8211; no me quer\u00eda quedar &#8211; escuch\u00e9 que la moto se iba &#8211; Mam\u00e1 llegando &#8211; me qued\u00e9 afuera sentada &#8211; un poco intranquila &#8211; miedo a quedarme adentro.<\/span><\/li>\n<li><span style=\"font-size: 10pt; font-family: helvetica, arial, sans-serif;\">Trat\u00e9 de tranquilizarme &#8211; me qued\u00e9 con la perra &#8211; Pudiste quedarte? \u00a0\u00a0\u00a0\u00a0\u00a0\u00a0\u00a0 <strong>SI } M.O<\/strong>.<\/span><\/li>\n<li><span style=\"font-size: 10pt; font-family: helvetica, arial, sans-serif;\">Mam\u00e1 llam\u00f3 y nada m\u00e1s. Igual tengo algo de miedo<\/span><\/li>\n<li><span style=\"font-size: 10pt; font-family: helvetica, arial, sans-serif;\">Una vez fuera 10 minutos sola &#8211; trat\u00e9 de tranquilizarme &#8211; lo logr\u00e9 <strong>O.<\/strong><\/span><\/li>\n<li><span style=\"font-size: 10pt; font-family: helvetica, arial, sans-serif;\"><u>Miedo de noche s<\/u>ola = Sud = 3<\/span><\/li>\n<\/ul>\n<p><span style=\"font-size: 10pt; font-family: helvetica, arial, sans-serif;\"><u>Escena avi\u00f3n Italia<\/u> = Sud = 2<\/span><\/p>\n<p><span style=\"font-size: 10pt; font-family: helvetica, arial, sans-serif;\">(Sin embargo en el sue\u00f1o no pas\u00f3 = angustia &#8211; eso quiere decir que sue\u00f1o = exposici\u00f3n in vivo)<\/span><\/p>\n<p><span style=\"font-size: 10pt; font-family: helvetica, arial, sans-serif;\"><strong><u>Ensayo de preparativos antes de viajar<\/u><\/strong><strong> &#8211; CP:<\/strong> lo puedo soportar &#8211; VoC = 5 &#8211; procesamos<\/span><\/p>\n<p><span style=\"font-size: 10pt; font-family: helvetica, arial, sans-serif;\">Un poco en el sue\u00f1o me molestaba pero no ten\u00eda fiebre (en el avi\u00f3n y con fiebre) (fiebre por el miedo s\u00ed)<\/span><\/p>\n<ul>\n<li><span style=\"font-size: 10pt; font-family: helvetica, arial, sans-serif;\">Era molestia soportable<\/span><\/li>\n<li><span style=\"font-size: 10pt; font-family: helvetica, arial, sans-serif;\">Lo puedo soportar<\/span><\/li>\n<li><span style=\"font-size: 10pt; font-family: helvetica, arial, sans-serif;\">Me imagino que viaje para los 15 a\u00f1os con amiga y lo podr\u00eda soportar distray\u00e9ndome<\/span><\/li>\n<li><span style=\"font-size: 10pt; font-family: helvetica, arial, sans-serif;\">Me imagino que se pasa m\u00e1s r\u00e1pido el viaje<\/span><\/li>\n<li><span style=\"font-size: 10pt; font-family: helvetica, arial, sans-serif;\">Me siento m\u00e1s segura viajando de d\u00eda (ver sue\u00f1o posterior del 28\/5) que de noche<\/span><\/li>\n<li><span style=\"font-size: 10pt; font-family: helvetica, arial, sans-serif;\">Porque puedo mirar hacia fuera<\/span><\/li>\n<li><span style=\"font-size: 10pt; font-family: helvetica, arial, sans-serif;\">Nada &#8211; bien &#8211; VoC = 5 (para 7; \u00abestar arriba del avi\u00f3n\u201d)<\/span><\/li>\n<li><span style=\"font-size: 10pt; font-family: helvetica, arial, sans-serif;\">Luego se procesa el viaje: Escena: \u00abCuando mam\u00e1 me dice que vamos de viaje y yo me pongo mal\u00bb<\/span><\/li>\n<\/ul>\n<p style=\"text-align: center;\"><span style=\"font-size: 10pt; font-family: helvetica, arial, sans-serif;\"><strong><u>-se trabaja eso-<\/u><\/strong><\/span><\/p>\n<p><span style=\"font-size: 10pt; font-family: helvetica, arial, sans-serif;\"><strong><u>Pr\u00f3xima sesi\u00f3n:<\/u><\/strong> <strong>Pesadilla<\/strong><\/span><\/p>\n<p><span style=\"font-size: 10pt; font-family: helvetica, arial, sans-serif;\">\u00abEstaba en una casa de noche. Con amigas (?). Sal\u00eda a la terraza porque estaba jugando con una llave y se me cerraba la puerta. Y ah\u00ed me agarraban de atr\u00e1s, con una pistola en el costado de la cabeza\u00bb me despierto <u>asustada<\/u> &#8211; Sud = 2<\/span><\/p>\n<ul>\n<li><span style=\"font-size: 10pt; font-family: helvetica, arial, sans-serif;\">Cuando me agarran \u00a0\u2192\u00a0\u00a0\u00a0\u00a0\u00a0 no vi qui\u00e9n era<\/span><\/li>\n<li><span style=\"font-size: 10pt; font-family: helvetica, arial, sans-serif;\">Me despert\u00e9 <u>sorprendida<\/u> porque cambi\u00f3 de lindo a feo<\/span><\/li>\n<li><span style=\"font-size: 10pt; font-family: helvetica, arial, sans-serif;\">Hac\u00eda mucho que no so\u00f1aba<br \/>\n(pasar todo el sue\u00f1o) &#8211; Me despert\u00e9 <u>sobresaltada<\/u> y me volv\u00ed a dormir<\/span><\/li>\n<li><span style=\"font-size: 10pt; font-family: helvetica, arial, sans-serif;\">Calm\u00f3 el malestar<\/span><\/li>\n<\/ul>\n<p><span style=\"font-size: 10pt; font-family: helvetica, arial, sans-serif;\"><u>Instalaci\u00f3n:<\/u> \u00abes un sue\u00f1o. El peligro pas\u00f3\u00bb\u00a0\u2192 lo veo lejano<\/span><\/p>\n<p><span style=\"font-size: 10pt; font-family: helvetica, arial, sans-serif;\">(Sue\u00f1o del 2815\/99)<br \/>\n<\/span><span style=\"font-size: 10pt; font-family: helvetica, arial, sans-serif;\">So\u00f1\u00e9 otra vez con avi\u00f3n: \u00abTen\u00edamos que viajar en avi\u00f3n ya no miedo porque \u00edbamos a ir en una avioneta que iba a manejar mi mam\u00e1 &#8211; y no iba tan alto &#8211; era de d\u00eda y no miedo\u00bb<\/span><\/p>\n<p>&nbsp;<\/p>\n<p><span style=\"font-size: 10pt; font-family: helvetica, arial, sans-serif;\"><u>Y so\u00f1\u00e9<\/u>: que \u00abentraban a robar al colegio, me escapaba y me iba a una helader\u00eda a hablar por tel\u00e9fono. Al salir me estaban esperando en un auto tipos malos &#8211; Despu\u00e9s apareci\u00f3 la polic\u00eda en el\u00a0<\/span><span style=\"font-size: 10pt; font-family: helvetica, arial, sans-serif;\">colegio\u00bb (Todo terminaba bien).<\/span><\/p>\n<p><span style=\"font-size: 10pt; font-family: helvetica, arial, sans-serif;\"><u>Los dos sue\u00f1os terminaban bien<\/u> &#8211; el mismo inconsciente va haciendo el trabajo de cambiar el final\u00a0<\/span><span style=\"font-size: 10pt; font-family: helvetica, arial, sans-serif;\">de los sue\u00f1os.\u00a0<strong>SISTEMA DE PROCESAMIENTO DE LA\u00a0<\/strong><b>INFORMACI\u00d3N<\/b>\u00a0\u00ad<\/span><span style=\"font-size: 10pt; font-family: helvetica, arial, sans-serif;\">[no los trabajamos &#8211; s\u00f3lo recalqu\u00e9 la continuaci\u00f3n del procesamiento espont\u00e1neo]<\/span><\/p>\n<ul>\n<li><span style=\"font-size: 10pt; font-family: helvetica, arial, sans-serif;\">Evidentemente sigue procesando las situaciones traum\u00e1ticas en el sue\u00f1o<\/span><\/li>\n<li><span style=\"font-size: 10pt; font-family: helvetica, arial, sans-serif;\">Procesamiento natural de cambiar el final<\/span><\/li>\n<\/ul>\n<p><strong><u><br \/>\n<span style=\"font-size: 10pt; font-family: helvetica, arial, sans-serif;\">B.S.<\/span><\/u><\/strong><span style=\"font-size: 10pt; font-family: helvetica, arial, sans-serif;\"><strong>:<\/strong> 36 a\u00f1os &#8211; Sexo femenino &#8211; en pareja por segunda vez (hace 5 a\u00f1os) con un se\u00f1or de 58 a\u00f1os (es la cuarta pareja) &#8211; Sin hijos de su primer matrimonio &#8211; Hace 1 \u00bd\u00a0\u00a0 a\u00f1o embarazo ect\u00f3pico -\u00adOperada de urgencia.<br \/>\n<\/span><span style=\"font-size: 10pt; font-family: helvetica, arial, sans-serif;\">Padre marino &#8211; vivi\u00f3 mud\u00e1ndose mucho hasta que se cas\u00f3 por primera vez.<br \/>\n<\/span><span style=\"font-size: 10pt; font-family: helvetica, arial, sans-serif;\">Varias carreras menores &#8211; No trabaja en ninguna de ellas &#8211; \u00abDisplicente\u00bb \u00abAburrida\u00bb BECK = 19 \u00abMi marido me dice que no a todo, a un perro, a un hijo, a casamos legalmente\u00bb<br \/>\n<\/span><span style=\"font-size: 10pt; font-family: helvetica, arial, sans-serif;\">No se cuida hace 5 a\u00f1os &#8211; No se embaraz\u00f3 nunca hasta el ect\u00f3pico &#8211; Antes nunca quiso tener hijos &#8211; Relaci\u00f3n muy at\u00edpica con su pareja &#8211; Cada uno por su lado &#8211; Para la depresi\u00f3n la mediqu\u00e9 con flores y medicamentos biol\u00f3gicos &#8211; EMDR-Mucho mejor.<\/span><\/p>\n<p><span style=\"font-size: 10pt; font-family: helvetica, arial, sans-serif;\"><strong><u>Sue\u00f1o<\/u><\/strong> = (3era. Sesi\u00f3n)<\/span><\/p>\n<p><span style=\"font-size: 10pt; font-family: helvetica, arial, sans-serif;\">Yo tengo una socia en el trabajo &#8211; La \u00abnovia\u00bb del marido (de la socia) est\u00e1 volviendo loca a mi\u00a0<\/span><span style=\"font-size: 10pt; font-family: helvetica, arial, sans-serif;\">Socia.<\/span><\/p>\n<p><span style=\"font-size: 10pt; font-family: helvetica, arial, sans-serif;\">\u00abYo estaba con ella (mi socia) en una cancha de golf &#8211; Hab\u00eda un bar &#8211; Aparec\u00eda el! marido de mi\u00a0socia con la mina (parec\u00eda 60 a\u00f1os) y \u00e9l se re\u00eda con su \u00abnovia\u00bb -toda arrugada &#8211; Hac\u00edan como si no existi\u00e9ramos &#8211; Yo lo retaba mucho &#8211; estaba enojad\u00edsima\u00bb<\/span><\/p>\n<p><span style=\"font-size: 10pt; font-family: helvetica, arial, sans-serif;\">Procesando el sue\u00f1o aparece, el recuerdo de una historia con su primer novio &#8211; muy traum\u00e1tica (de novia 5 a\u00f1os &#8211; muy comprometida cosa que no le pas\u00f3 con posteriores parejas)<\/span><br \/>\n<span style=\"font-size: 10pt; font-family: helvetica, arial, sans-serif;\">Ella los encuentra a su novio y su mejor amiga franeleando &#8211; Se corta la relaci\u00f3n &#8211; Mucho sufrimiento \u00aba partir de ah\u00ed nunca fui la misma\u00bb \u00abdesde entonces no confi\u00e9 m\u00e1s en los hombres\u00bb \u00abcon \u00e9l ten\u00eda ilusiones de casarme y tener hijos\u00bb &#8211; \u00abTodo eso se me fue con la ruptura\u00bb &#8211; \u00abA partir de ah\u00ed empec\u00e9 yo a enga\u00f1ar a mis parejas cuando pod\u00eda &#8211; No me importaba\u00bb.<\/span><br \/>\n<span style=\"font-size: 10pt; font-family: helvetica, arial, sans-serif;\">Ahora con <strong>A<\/strong>. s\u00ed quiero tener un hijo &#8211; pero \u00e9l no &#8211; dice que cada vez que se casa le va mal &#8211; no\u00a0quiere ni tener un perro &#8211; ni un hijo conmigo\u00bb<\/span><\/p>\n<p><span style=\"font-size: 10pt; font-family: helvetica, arial, sans-serif;\">Tiene una abreacci\u00f3n moderada cuando recuerda la infidelidad &#8211; Dice que hace muchos a\u00f1os que\u00a0no recuerda ese episodio.<\/span><\/p>\n<p><span style=\"font-size: 10pt; font-family: helvetica, arial, sans-serif;\"><strong><u>Sue\u00f1o<\/u><\/strong> = (4ta. Sesi\u00f3n)<\/span><\/p>\n<p><span style=\"font-size: 10pt; font-family: helvetica, arial, sans-serif;\">\u00abCon <strong>A<\/strong>, en un bar. Aparece mi antiguo novio (el del enga\u00f1o) muy buen mozo. Quer\u00eda charlar y salir conmigo. Yo ni bola, de la mano de <strong>A<\/strong> (cosa que nunca hago). Yo lo miraba a <strong>A<\/strong>. y \u00e9l me dec\u00eda \u00abVos sabes lo que yo quiero\u00bb, entonces yo le dec\u00eda al otro que me ten\u00eda que esperar como una hora o m\u00e1s, \u00e9l no quer\u00eda, se iba y yo me quedaba chocha con <strong>A<\/strong>\u00ab.<br \/>\n<\/span><span style=\"font-size: 10pt; font-family: helvetica, arial, sans-serif;\">Cuenta que en el viaje con <strong>A<\/strong>. (entre 3ra. y 4ta. sesi\u00f3n) pudo hablar de muchas cosas con \u00e9l y poner en claro sus deseos y necesidades. Habl\u00f3 del casamiento y otras cosas. Se r\u00ede del sue\u00f1o y lo considera claramente un punto final de la situaci\u00f3n con ese novio y fundamentalmente de esos sentimientos de desconfianza y venganza hacia los hombres.<\/span><\/p>\n<p><strong><u>\u00a0<\/u><\/strong><\/p>\n<p><strong>\u00a0<\/strong><\/p>\n<p>&nbsp;<\/p>\n","protected":false},"excerpt":{"rendered":"<p>Sue\u00f1os de TEPT en el curso de tratamientos Dra. Raquel\u00a0 C. Ferrazzano de Solvey &nbsp; Sue\u00f1os como procesamiento de situaciones traum\u00e1ticas (Finales del procesamiento) C: Consultan su padre y su madrastra por ella. Me eligieron a m\u00ed como terapeuta porque yo hab\u00eda atendido a su mam\u00e1, que falleci\u00f3 hace 3 a\u00f1os y medio (en septiembre &hellip;<\/p>\n<p class=\"read-more\"> <a class=\"\" href=\"https:\/\/www.terapiasdeavanzada.org\/web\/trabajando-con-suenos\/\"> <span class=\"screen-reader-text\">TRABAJANDO CON SUE\u00d1OS<\/span> Leer m\u00e1s &raquo;<\/a><\/p>\n","protected":false},"author":4,"featured_media":0,"comment_status":"open","ping_status":"open","sticky":false,"template":"","format":"standard","meta":{"site-sidebar-layout":"default","site-content-layout":"default","ast-global-header-display":"","ast-banner-title-visibility":"","ast-main-header-display":"","ast-hfb-above-header-display":"","ast-hfb-below-header-display":"","ast-hfb-mobile-header-display":"","site-post-title":"","ast-breadcrumbs-content":"","ast-featured-img":"","footer-sml-layout":"","theme-transparent-header-meta":"","adv-header-id-meta":"","stick-header-meta":"","header-above-stick-meta":"","header-main-stick-meta":"","header-below-stick-meta":""},"categories":[265],"tags":[],"_links":{"self":[{"href":"https:\/\/www.terapiasdeavanzada.org\/web\/wp-json\/wp\/v2\/posts\/1429"}],"collection":[{"href":"https:\/\/www.terapiasdeavanzada.org\/web\/wp-json\/wp\/v2\/posts"}],"about":[{"href":"https:\/\/www.terapiasdeavanzada.org\/web\/wp-json\/wp\/v2\/types\/post"}],"author":[{"embeddable":true,"href":"https:\/\/www.terapiasdeavanzada.org\/web\/wp-json\/wp\/v2\/users\/4"}],"replies":[{"embeddable":true,"href":"https:\/\/www.terapiasdeavanzada.org\/web\/wp-json\/wp\/v2\/comments?post=1429"}],"version-history":[{"count":1,"href":"https:\/\/www.terapiasdeavanzada.org\/web\/wp-json\/wp\/v2\/posts\/1429\/revisions"}],"predecessor-version":[{"id":1435,"href":"https:\/\/www.terapiasdeavanzada.org\/web\/wp-json\/wp\/v2\/posts\/1429\/revisions\/1435"}],"wp:attachment":[{"href":"https:\/\/www.terapiasdeavanzada.org\/web\/wp-json\/wp\/v2\/media?parent=1429"}],"wp:term":[{"taxonomy":"category","embeddable":true,"href":"https:\/\/www.terapiasdeavanzada.org\/web\/wp-json\/wp\/v2\/categories?post=1429"},{"taxonomy":"post_tag","embeddable":true,"href":"https:\/\/www.terapiasdeavanzada.org\/web\/wp-json\/wp\/v2\/tags?post=1429"}],"curies":[{"name":"wp","href":"https:\/\/api.w.org\/{rel}","templated":true}]}}